{"id":1007,"date":"2012-11-02T08:29:02","date_gmt":"2012-11-02T08:29:02","guid":{"rendered":"http:\/\/dublinfilms.fr\/2012\/11\/02\/projection-le-canal-de-muller\/"},"modified":"2012-11-02T08:29:02","modified_gmt":"2012-11-02T08:29:02","slug":"projection-le-canal-de-muller","status":"publish","type":"post","link":"https:\/\/dublinfilms.fr\/en\/2012\/11\/02\/projection-le-canal-de-muller\/","title":{"rendered":"Projection le canal de Muller"},"content":{"rendered":"<p>Le court-m\u00e9trage<em><a title=\"Le Canal de Muller\" href=\"\/?p=921\" target=\"_blank\"> Le Canal de M\u00fcller<\/a><\/em>\u00a0de Rapha\u00eblle Rio sera projet\u00e9 le jeudi 22 novembre au cin\u00e9ma <a href=\"http:\/\/www.cinemalefestival.fr\/\" target=\"_blank\">Le Festival<\/a>\u00a0\u00e0 B\u00e8gles.<\/p>\n<p>Avec le soutien de la R\u00e9gion Aquitaine et de la Procirep.<\/p>\n<p>Co-production entre Dublin Films et T\u00eates \u00e0 Clap.<\/p>\n<p>\u2192Cin\u00e9ma Le Festival, 151 boulevard Albert 1er &#8211; 33130 B\u00e8gles.<\/p>\n","protected":false},"excerpt":{"rendered":"<p>Le court-m\u00e9trage Le Canal de M\u00fcller\u00a0de Rapha\u00eblle Rio sera projet\u00e9 le jeudi&#8230;<\/p>\n","protected":false},"author":1,"featured_media":0,"comment_status":"open","ping_status":"open","sticky":false,"template":"","format":"standard","meta":{"footnotes":""},"categories":[],"tags":[],"_links":{"self":[{"href":"https:\/\/dublinfilms.fr\/en\/wp-json\/wp\/v2\/posts\/1007"}],"collection":[{"href":"https:\/\/dublinfilms.fr\/en\/wp-json\/wp\/v2\/posts"}],"about":[{"href":"https:\/\/dublinfilms.fr\/en\/wp-json\/wp\/v2\/types\/post"}],"author":[{"embeddable":true,"href":"https:\/\/dublinfilms.fr\/en\/wp-json\/wp\/v2\/users\/1"}],"replies":[{"embeddable":true,"href":"https:\/\/dublinfilms.fr\/en\/wp-json\/wp\/v2\/comments?post=1007"}],"version-history":[{"count":0,"href":"https:\/\/dublinfilms.fr\/en\/wp-json\/wp\/v2\/posts\/1007\/revisions"}],"wp:attachment":[{"href":"https:\/\/dublinfilms.fr\/en\/wp-json\/wp\/v2\/media?parent=1007"}],"wp:term":[{"taxonomy":"category","embeddable":true,"href":"https:\/\/dublinfilms.fr\/en\/wp-json\/wp\/v2\/categories?post=1007"},{"taxonomy":"post_tag","embeddable":true,"href":"https:\/\/dublinfilms.fr\/en\/wp-json\/wp\/v2\/tags?post=1007"}],"curies":[{"name":"wp","href":"https:\/\/api.w.org\/{rel}","templated":true}]}}