{"id":1166,"date":"2013-06-20T18:43:24","date_gmt":"2013-06-20T16:43:24","guid":{"rendered":"http:\/\/dublinfilms.fr\/2013\/06\/20\/projection-des-noces-de-figaro-journal-dune-creation\/"},"modified":"2013-06-21T00:19:10","modified_gmt":"2013-06-20T22:19:10","slug":"projection-des-noces-de-figaro-journal-dune-creation","status":"publish","type":"post","link":"https:\/\/dublinfilms.fr\/en\/2013\/06\/20\/projection-des-noces-de-figaro-journal-dune-creation\/","title":{"rendered":"Projection de &#8220;Les Noces de Figaro, Journal d&#8217;une creation&#8221;"},"content":{"rendered":"<p>Le documentaire de Jeanne Oberson et Fabrice Main \u00ab <a href=\"\/?p=932\" target=\"_blank\">Les Noces de Figaro, Journal d&#8217;une cr\u00e9ation<\/a>\u00a0\u00bb sera projet\u00e9 le mardi 25 juin 2013 \u00e0 20h30 au cin\u00e9ma l&#8217;Utopia Bordeaux. Il sera pr\u00e9c\u00e9d\u00e9 par l&#8217;avant-premi\u00e8re du premier court-m\u00e9trage de Laurent Laffargue, &#8220;Le Verrou&#8221;.<\/p>\n<p>La soir\u00e9e se terminera par une rencontre avec Laurent Laffargue et C\u00e9line Sallette.<\/p>\n<p>\u2192 Cin\u00e9ma Utopia Saint-Sim\u00e9on &#8211; place Camille Jullian, Bordeaux.<\/p>\n<p>\u2192\u00a0Les places seront en vente \u00e0 partir du samedi 15 juin \u00e0 l&#8217;Utopia au tarif unique de 4 \u20ac.<\/p>\n<p>&#8212;&#8212;&#8212;&#8212;&#8212;&#8212;&#8212;&#8212;&#8212;&#8212;&#8212;&#8212;&#8212;&#8212;&#8212;&#8212;&#8212;&#8212;&#8212;&#8212;&#8212;&#8212;&#8212;&#8212;&#8212;&#8212;-<\/p>\n<div id=\"yui_3_7_2_1_1371745138623_2918\"><span style=\"color: #999999;\">&#8220;Le verrou&#8221; &#8211; 19 min<\/span><\/div>\n<div id=\"yui_3_7_2_1_1371745138623_2904\"><span style=\"color: #999999;\"><em>Dans un mus\u00e9e, une femme et un homme, inconnus l\u2019un \u00e0 l\u2019autre, contemplent \u00ab Le Verrou \u00bb, un tableau de Fragonard. Chacun y projette son fantasme et s\u2019invente une fiction. Et si de l\u2019une de leurs r\u00eaveries naissait une histoire d\u2019amour dans la vraie vie ?<\/em><\/span><\/div>\n<div><span style=\"color: #999999;\"><small id=\"yui_3_7_2_1_1371745138623_2908\"><br \/>\nUn film de Laurent Laffargue, produit par Mezzanine Films<br \/>\n<\/small><\/span><\/div>\n<p>&nbsp;<\/p>\n<p>&nbsp;<\/p>\n","protected":false},"excerpt":{"rendered":"<p>Le documentaire de Jeanne Oberson et Fabrice Main \u00ab Les Noces de&#8230;<\/p>\n","protected":false},"author":1,"featured_media":0,"comment_status":"open","ping_status":"open","sticky":false,"template":"","format":"standard","meta":{"footnotes":""},"categories":[],"tags":[],"_links":{"self":[{"href":"https:\/\/dublinfilms.fr\/en\/wp-json\/wp\/v2\/posts\/1166"}],"collection":[{"href":"https:\/\/dublinfilms.fr\/en\/wp-json\/wp\/v2\/posts"}],"about":[{"href":"https:\/\/dublinfilms.fr\/en\/wp-json\/wp\/v2\/types\/post"}],"author":[{"embeddable":true,"href":"https:\/\/dublinfilms.fr\/en\/wp-json\/wp\/v2\/users\/1"}],"replies":[{"embeddable":true,"href":"https:\/\/dublinfilms.fr\/en\/wp-json\/wp\/v2\/comments?post=1166"}],"version-history":[{"count":4,"href":"https:\/\/dublinfilms.fr\/en\/wp-json\/wp\/v2\/posts\/1166\/revisions"}],"predecessor-version":[{"id":1182,"href":"https:\/\/dublinfilms.fr\/en\/wp-json\/wp\/v2\/posts\/1166\/revisions\/1182"}],"wp:attachment":[{"href":"https:\/\/dublinfilms.fr\/en\/wp-json\/wp\/v2\/media?parent=1166"}],"wp:term":[{"taxonomy":"category","embeddable":true,"href":"https:\/\/dublinfilms.fr\/en\/wp-json\/wp\/v2\/categories?post=1166"},{"taxonomy":"post_tag","embeddable":true,"href":"https:\/\/dublinfilms.fr\/en\/wp-json\/wp\/v2\/tags?post=1166"}],"curies":[{"name":"wp","href":"https:\/\/api.w.org\/{rel}","templated":true}]}}