{"id":994,"date":"2013-05-02T12:28:51","date_gmt":"2013-05-02T10:28:51","guid":{"rendered":"http:\/\/dublinfilms.fr\/2013\/05\/02\/avant-premiere-de-kedeba\/"},"modified":"2013-06-12T17:08:09","modified_gmt":"2013-06-12T15:08:09","slug":"avant-premiere-de-kedeba","status":"publish","type":"post","link":"https:\/\/dublinfilms.fr\/en\/2013\/05\/02\/avant-premiere-de-kedeba\/","title":{"rendered":"Avant-premiere de Kedeba"},"content":{"rendered":"<p>Le court-m\u00e9trage &#8220;<a href=\"\/?p=924\">K\u00e9d\u00e9ba<\/a>&#8221; r\u00e9alis\u00e9 par Elhachmia Didi-Alaoui sera projet\u00e9 le mardi 14 mai \u00e0 20h au cin\u00e9ma Le M\u00e9li\u00e8s \u00e0 Pau en partenariat avec l&#8217;agence Ecla.<\/p>\n<p>Avec l&#8217;aide de la R\u00e9gion Aquitaine, du Conseil G\u00e9n\u00e9ral des Pyr\u00e9n\u00e9es Atlantiques et de l&#8217;ACSE.<\/p>\n<p>\u2192 Le M\u00e9li\u00e8s, 6 rue Bargouin &#8211; 64000 Pau.<\/p>\n","protected":false},"excerpt":{"rendered":"<p>Le court-m\u00e9trage &#8220;K\u00e9d\u00e9ba&#8221; r\u00e9alis\u00e9 par Elhachmia Didi-Alaoui sera projet\u00e9 le mardi 14&#8230;<\/p>\n","protected":false},"author":1,"featured_media":0,"comment_status":"open","ping_status":"open","sticky":false,"template":"","format":"standard","meta":{"footnotes":""},"categories":[79],"tags":[],"_links":{"self":[{"href":"https:\/\/dublinfilms.fr\/en\/wp-json\/wp\/v2\/posts\/994"}],"collection":[{"href":"https:\/\/dublinfilms.fr\/en\/wp-json\/wp\/v2\/posts"}],"about":[{"href":"https:\/\/dublinfilms.fr\/en\/wp-json\/wp\/v2\/types\/post"}],"author":[{"embeddable":true,"href":"https:\/\/dublinfilms.fr\/en\/wp-json\/wp\/v2\/users\/1"}],"replies":[{"embeddable":true,"href":"https:\/\/dublinfilms.fr\/en\/wp-json\/wp\/v2\/comments?post=994"}],"version-history":[{"count":1,"href":"https:\/\/dublinfilms.fr\/en\/wp-json\/wp\/v2\/posts\/994\/revisions"}],"predecessor-version":[{"id":995,"href":"https:\/\/dublinfilms.fr\/en\/wp-json\/wp\/v2\/posts\/994\/revisions\/995"}],"wp:attachment":[{"href":"https:\/\/dublinfilms.fr\/en\/wp-json\/wp\/v2\/media?parent=994"}],"wp:term":[{"taxonomy":"category","embeddable":true,"href":"https:\/\/dublinfilms.fr\/en\/wp-json\/wp\/v2\/categories?post=994"},{"taxonomy":"post_tag","embeddable":true,"href":"https:\/\/dublinfilms.fr\/en\/wp-json\/wp\/v2\/tags?post=994"}],"curies":[{"name":"wp","href":"https:\/\/api.w.org\/{rel}","templated":true}]}}